{"id":3943,"date":"2024-05-25T16:47:51","date_gmt":"2024-05-25T14:47:51","guid":{"rendered":"https:\/\/sites.uclouvain.be\/narramuse\/?p=3943"},"modified":"2025-05-22T11:15:39","modified_gmt":"2025-05-22T09:15:39","slug":"presentation-migration-und-literatur","status":"publish","type":"post","link":"https:\/\/sites.uclouvain.be\/narramuse\/presentation-migration-und-literatur\/","title":{"rendered":"Pr\u00e9sentation au groupe de travail \u00ab\u00a0Migration und Literatur\u00a0\u00bb"},"content":{"rendered":"\n<p class=\"wp-block-paragraph\">Le 24 mai 2024, Gloria Coscia, membre de NarraMuse, a effectu\u00e9 une pr\u00e9sentation sur le th\u00e8me \u00ab\u00a0Heimat\u00a0\u00bb dans le cadre du groupe de travail en ligne \u00ab\u00a0Migration und Literatur\u00a0\u00bb, qui r\u00e9unit des germanistes des domaines de la litt\u00e9rature et du DaF (Deutsch als Fremdsprache\u00a0\u2014\u00a0Allemand comme langue \u00e9trang\u00e8re), et auquel elle appartient depuis f\u00e9vrier 2023.<\/p>\n","protected":false},"excerpt":{"rendered":"<p>Le 24 mai 2024, Gloria Coscia, membre de NarraMuse, a effectu\u00e9 une pr\u00e9sentation sur le th\u00e8me \u00ab\u00a0Heimat\u00a0\u00bb dans le cadre du groupe de travail en ligne \u00ab\u00a0Migration und Literatur\u00a0\u00bb, qui r\u00e9unit des germanistes des domaines de la litt\u00e9rature et du DaF (Deutsch als Fremdsprache\u00a0\u2014\u00a0Allemand comme langue \u00e9trang\u00e8re), et auquel elle appartient depuis f\u00e9vrier 2023.<\/p>\n","protected":false},"author":53,"featured_media":3953,"comment_status":"open","ping_status":"open","sticky":false,"template":"","format":"standard","meta":{"footnotes":""},"categories":[1],"tags":[],"class_list":["post-3943","post","type-post","status-publish","format-standard","has-post-thumbnail","hentry","category-actualites"],"_links":{"self":[{"href":"https:\/\/sites.uclouvain.be\/narramuse\/wp-json\/wp\/v2\/posts\/3943","targetHints":{"allow":["GET"]}}],"collection":[{"href":"https:\/\/sites.uclouvain.be\/narramuse\/wp-json\/wp\/v2\/posts"}],"about":[{"href":"https:\/\/sites.uclouvain.be\/narramuse\/wp-json\/wp\/v2\/types\/post"}],"author":[{"embeddable":true,"href":"https:\/\/sites.uclouvain.be\/narramuse\/wp-json\/wp\/v2\/users\/53"}],"replies":[{"embeddable":true,"href":"https:\/\/sites.uclouvain.be\/narramuse\/wp-json\/wp\/v2\/comments?post=3943"}],"version-history":[{"count":1,"href":"https:\/\/sites.uclouvain.be\/narramuse\/wp-json\/wp\/v2\/posts\/3943\/revisions"}],"predecessor-version":[{"id":3963,"href":"https:\/\/sites.uclouvain.be\/narramuse\/wp-json\/wp\/v2\/posts\/3943\/revisions\/3963"}],"wp:featuredmedia":[{"embeddable":true,"href":"https:\/\/sites.uclouvain.be\/narramuse\/wp-json\/wp\/v2\/media\/3953"}],"wp:attachment":[{"href":"https:\/\/sites.uclouvain.be\/narramuse\/wp-json\/wp\/v2\/media?parent=3943"}],"wp:term":[{"taxonomy":"category","embeddable":true,"href":"https:\/\/sites.uclouvain.be\/narramuse\/wp-json\/wp\/v2\/categories?post=3943"},{"taxonomy":"post_tag","embeddable":true,"href":"https:\/\/sites.uclouvain.be\/narramuse\/wp-json\/wp\/v2\/tags?post=3943"}],"curies":[{"name":"wp","href":"https:\/\/api.w.org\/{rel}","templated":true}]}}