{"id":3873,"date":"2023-07-04T21:57:13","date_gmt":"2023-07-04T19:57:13","guid":{"rendered":"https:\/\/sites.uclouvain.be\/narramuse\/?p=3873"},"modified":"2025-01-18T21:57:38","modified_gmt":"2025-01-18T20:57:38","slug":"participation-au-colloque-litteratures-en-marges","status":"publish","type":"post","link":"https:\/\/sites.uclouvain.be\/narramuse\/participation-au-colloque-litteratures-en-marges\/","title":{"rendered":"Participation au colloque \u00ab\u00a0Litt\u00e9ratures en marges\u00a0\u00bb"},"content":{"rendered":"\n<p class=\"wp-block-paragraph\">Letizia Sassi, membre de NarraMuse, a particip\u00e9 au colloque-festival \u00ab\u00a0Litt\u00e9ratures en marges\u00a0\u00bb qui s&rsquo;est d\u00e9roul\u00e9 sur le campus de Condorcet (Aubervilliers) et \u00e0 Saint-Denis du 29 juin au 2 juillet 2023, et qui \u00e9tait organis\u00e9 par les universit\u00e9s de Bath, Oxford, Sorbonne Paris Nord et Cergy, en collaboration avec l\u2019association Alternatives Europ\u00e9ennes. Elle y a pr\u00e9sent\u00e9 la communication \u00ab\u00a0<strong>Rapper la ville: la position marginale du rap dans la sc\u00e8ne litt\u00e9raire et musicale italienne<\/strong>\u00ab\u00a0.<\/p>\n\n\n\n<p class=\"wp-block-paragraph\">Le programme complet est disponible <a href=\"https:\/\/euroalter.com\/wp-content\/uploads\/2024\/01\/program-long-2.pdf\">ici<\/a>.<\/p>\n","protected":false},"excerpt":{"rendered":"<p>Letizia Sassi, membre de NarraMuse, a particip\u00e9 au colloque-festival \u00ab\u00a0Litt\u00e9ratures en marges\u00a0\u00bb qui s&rsquo;est d\u00e9roul\u00e9 sur le campus de Condorcet (Aubervilliers) et \u00e0 Saint-Denis du 29 juin au 2 juillet 2023, et qui \u00e9tait organis\u00e9 par les universit\u00e9s de Bath, Oxford, Sorbonne Paris Nord et Cergy, en collaboration avec l\u2019association Alternatives Europ\u00e9ennes. Elle y a [&hellip;]<\/p>\n","protected":false},"author":53,"featured_media":3883,"comment_status":"open","ping_status":"open","sticky":false,"template":"","format":"standard","meta":{"footnotes":""},"categories":[1],"tags":[],"class_list":["post-3873","post","type-post","status-publish","format-standard","has-post-thumbnail","hentry","category-actualites"],"_links":{"self":[{"href":"https:\/\/sites.uclouvain.be\/narramuse\/wp-json\/wp\/v2\/posts\/3873","targetHints":{"allow":["GET"]}}],"collection":[{"href":"https:\/\/sites.uclouvain.be\/narramuse\/wp-json\/wp\/v2\/posts"}],"about":[{"href":"https:\/\/sites.uclouvain.be\/narramuse\/wp-json\/wp\/v2\/types\/post"}],"author":[{"embeddable":true,"href":"https:\/\/sites.uclouvain.be\/narramuse\/wp-json\/wp\/v2\/users\/53"}],"replies":[{"embeddable":true,"href":"https:\/\/sites.uclouvain.be\/narramuse\/wp-json\/wp\/v2\/comments?post=3873"}],"version-history":[{"count":1,"href":"https:\/\/sites.uclouvain.be\/narramuse\/wp-json\/wp\/v2\/posts\/3873\/revisions"}],"predecessor-version":[{"id":3893,"href":"https:\/\/sites.uclouvain.be\/narramuse\/wp-json\/wp\/v2\/posts\/3873\/revisions\/3893"}],"wp:featuredmedia":[{"embeddable":true,"href":"https:\/\/sites.uclouvain.be\/narramuse\/wp-json\/wp\/v2\/media\/3883"}],"wp:attachment":[{"href":"https:\/\/sites.uclouvain.be\/narramuse\/wp-json\/wp\/v2\/media?parent=3873"}],"wp:term":[{"taxonomy":"category","embeddable":true,"href":"https:\/\/sites.uclouvain.be\/narramuse\/wp-json\/wp\/v2\/categories?post=3873"},{"taxonomy":"post_tag","embeddable":true,"href":"https:\/\/sites.uclouvain.be\/narramuse\/wp-json\/wp\/v2\/tags?post=3873"}],"curies":[{"name":"wp","href":"https:\/\/api.w.org\/{rel}","templated":true}]}}