{"id":3053,"date":"2023-03-20T12:09:38","date_gmt":"2023-03-20T11:09:38","guid":{"rendered":"https:\/\/sites.uclouvain.be\/narramuse\/?p=3053"},"modified":"2025-01-17T23:34:10","modified_gmt":"2025-01-17T22:34:10","slug":"rencontre-avec-youssef-swatts","status":"publish","type":"post","link":"https:\/\/sites.uclouvain.be\/narramuse\/rencontre-avec-youssef-swatts\/","title":{"rendered":"Rencontre avec Youssef Swatt&rsquo;s"},"content":{"rendered":"\n<p class=\"wp-block-paragraph\">Le 15 mars 2023, l&rsquo;\u00e9quipe NarraMuse a rencontr\u00e9 le rappeur et manageur tournaisien Youssef Swatt&rsquo;s dans le cadre des travaux qu&rsquo;elle m\u00e8ne sur les artistes europ\u00e9ens d&rsquo;ascendance musulmane.<\/p>\n\n\n\n<p class=\"wp-block-paragraph\">Au cours de plus de deux heures de discussion, les membres de l&rsquo;\u00e9quipe ont pu interroger le rappeur sur son rapport aux langues fran\u00e7aise et arabe, sur le pont qu&rsquo;il cherche \u00e0 \u00e9tablir entre les cultures, sur son exp\u00e9rience postmigrante en Belgique, ainsi que sur son \u00e9criture et ses projets artistiques.<\/p>\n\n\n\n<p class=\"wp-block-paragraph\">La rencontre a \u00e9t\u00e9 particuli\u00e8rement fructueuse pour Letizia Sassi qui travaille sur l&rsquo;oeuvre de Youssef Swatt&rsquo;s dans le cadre de sa th\u00e8se de doctorat.<\/p>\n\n\n\n<p class=\"wp-block-paragraph\">Pour d\u00e9couvrir l&rsquo;univers musical de Youssef Swatt&rsquo;s, l&rsquo;\u00e9quipe vous propose un clip:<\/p>\n\n\n\n<figure class=\"wp-block-embed is-type-video is-provider-youtube wp-block-embed-youtube wp-embed-aspect-16-9 wp-has-aspect-ratio\"><div class=\"wp-block-embed__wrapper\">\n<iframe loading=\"lazy\" title=\"Youssef Swatt&#039;s - NOSTRA CULPA (Prod. STAB)\" width=\"500\" height=\"281\" src=\"https:\/\/www.youtube.com\/embed\/tdUibEgByrs?feature=oembed\" frameborder=\"0\" allow=\"accelerometer; autoplay; clipboard-write; encrypted-media; gyroscope; picture-in-picture; web-share\" referrerpolicy=\"strict-origin-when-cross-origin\" allowfullscreen><\/iframe>\n<\/div><\/figure>\n\n\n\n<p class=\"wp-block-paragraph\"><\/p>\n","protected":false},"excerpt":{"rendered":"<p>Le 15 mars 2023, l&rsquo;\u00e9quipe NarraMuse a rencontr\u00e9 le rappeur et manageur tournaisien Youssef Swatt&rsquo;s dans le cadre des travaux qu&rsquo;elle m\u00e8ne sur les artistes europ\u00e9ens d&rsquo;ascendance musulmane. Au cours de plus de deux heures de discussion, les membres de l&rsquo;\u00e9quipe ont pu interroger le rappeur sur son rapport aux langues fran\u00e7aise et arabe, sur [&hellip;]<\/p>\n","protected":false},"author":53,"featured_media":3753,"comment_status":"closed","ping_status":"open","sticky":false,"template":"","format":"standard","meta":{"footnotes":""},"categories":[1],"tags":[],"class_list":["post-3053","post","type-post","status-publish","format-standard","has-post-thumbnail","hentry","category-actualites"],"_links":{"self":[{"href":"https:\/\/sites.uclouvain.be\/narramuse\/wp-json\/wp\/v2\/posts\/3053","targetHints":{"allow":["GET"]}}],"collection":[{"href":"https:\/\/sites.uclouvain.be\/narramuse\/wp-json\/wp\/v2\/posts"}],"about":[{"href":"https:\/\/sites.uclouvain.be\/narramuse\/wp-json\/wp\/v2\/types\/post"}],"author":[{"embeddable":true,"href":"https:\/\/sites.uclouvain.be\/narramuse\/wp-json\/wp\/v2\/users\/53"}],"replies":[{"embeddable":true,"href":"https:\/\/sites.uclouvain.be\/narramuse\/wp-json\/wp\/v2\/comments?post=3053"}],"version-history":[{"count":1,"href":"https:\/\/sites.uclouvain.be\/narramuse\/wp-json\/wp\/v2\/posts\/3053\/revisions"}],"predecessor-version":[{"id":3063,"href":"https:\/\/sites.uclouvain.be\/narramuse\/wp-json\/wp\/v2\/posts\/3053\/revisions\/3063"}],"wp:featuredmedia":[{"embeddable":true,"href":"https:\/\/sites.uclouvain.be\/narramuse\/wp-json\/wp\/v2\/media\/3753"}],"wp:attachment":[{"href":"https:\/\/sites.uclouvain.be\/narramuse\/wp-json\/wp\/v2\/media?parent=3053"}],"wp:term":[{"taxonomy":"category","embeddable":true,"href":"https:\/\/sites.uclouvain.be\/narramuse\/wp-json\/wp\/v2\/categories?post=3053"},{"taxonomy":"post_tag","embeddable":true,"href":"https:\/\/sites.uclouvain.be\/narramuse\/wp-json\/wp\/v2\/tags?post=3053"}],"curies":[{"name":"wp","href":"https:\/\/api.w.org\/{rel}","templated":true}]}}