{"id":3023,"date":"2024-02-21T11:39:16","date_gmt":"2024-02-21T10:39:16","guid":{"rendered":"https:\/\/sites.uclouvain.be\/narramuse\/?p=3023"},"modified":"2025-01-20T16:33:09","modified_gmt":"2025-01-20T15:33:09","slug":"rencontre-avec-nora-balile","status":"publish","type":"post","link":"https:\/\/sites.uclouvain.be\/narramuse\/rencontre-avec-nora-balile\/","title":{"rendered":"Rencontre avec Nora Balile"},"content":{"rendered":"\n<p class=\"wp-block-paragraph\">L&rsquo;\u00e9quipe de recherche de NarraMuse a eu le privil\u00e8ge de rencontrer Nora Balile, le mardi 20 f\u00e9vrier en matin\u00e9e, une artiste bruxelloise d&rsquo;origine belgo-marocaine. Au cours de l&rsquo;entrevue, l&rsquo;\u00e9quipe eu l&rsquo;occasion d&rsquo;explorer en profondeur son parcours artistique, ses sources d&rsquo;inspiration et son influence dans le domaine de la po\u00e9sie et des arts, particuli\u00e8rement dans le contexte postmigratoire bruxellois.<\/p>\n\n\n\n<p class=\"wp-block-paragraph\">Le cheminement artistique de Nora est le fruit d&rsquo;une enfance baign\u00e9e dans la musique, le th\u00e9\u00e2tre ainsi que la po\u00e9sie. Nora partage avec g\u00e9n\u00e9rosit\u00e9 son talent \u00e0 travers ses deux recueils de po\u00e8mes, <em>Ventre \u00e9toil\u00e9<\/em> et <em>Assise sur un banc<\/em>, publi\u00e9s respectivement en 2022 et en 2023 aux \u00e9ditions Antidotes.<\/p>\n","protected":false},"excerpt":{"rendered":"<p>L&rsquo;\u00e9quipe de recherche de NarraMuse a eu le privil\u00e8ge de rencontrer Nora Balile, le mardi 20 f\u00e9vrier en matin\u00e9e, une artiste bruxelloise d&rsquo;origine belgo-marocaine. Au cours de l&rsquo;entrevue, l&rsquo;\u00e9quipe eu l&rsquo;occasion d&rsquo;explorer en profondeur son parcours artistique, ses sources d&rsquo;inspiration et son influence dans le domaine de la po\u00e9sie et des arts, particuli\u00e8rement dans le [&hellip;]<\/p>\n","protected":false},"author":53,"featured_media":3783,"comment_status":"closed","ping_status":"open","sticky":false,"template":"","format":"standard","meta":{"footnotes":""},"categories":[1],"tags":[],"class_list":["post-3023","post","type-post","status-publish","format-standard","has-post-thumbnail","hentry","category-actualites"],"_links":{"self":[{"href":"https:\/\/sites.uclouvain.be\/narramuse\/wp-json\/wp\/v2\/posts\/3023","targetHints":{"allow":["GET"]}}],"collection":[{"href":"https:\/\/sites.uclouvain.be\/narramuse\/wp-json\/wp\/v2\/posts"}],"about":[{"href":"https:\/\/sites.uclouvain.be\/narramuse\/wp-json\/wp\/v2\/types\/post"}],"author":[{"embeddable":true,"href":"https:\/\/sites.uclouvain.be\/narramuse\/wp-json\/wp\/v2\/users\/53"}],"replies":[{"embeddable":true,"href":"https:\/\/sites.uclouvain.be\/narramuse\/wp-json\/wp\/v2\/comments?post=3023"}],"version-history":[{"count":2,"href":"https:\/\/sites.uclouvain.be\/narramuse\/wp-json\/wp\/v2\/posts\/3023\/revisions"}],"predecessor-version":[{"id":3903,"href":"https:\/\/sites.uclouvain.be\/narramuse\/wp-json\/wp\/v2\/posts\/3023\/revisions\/3903"}],"wp:featuredmedia":[{"embeddable":true,"href":"https:\/\/sites.uclouvain.be\/narramuse\/wp-json\/wp\/v2\/media\/3783"}],"wp:attachment":[{"href":"https:\/\/sites.uclouvain.be\/narramuse\/wp-json\/wp\/v2\/media?parent=3023"}],"wp:term":[{"taxonomy":"category","embeddable":true,"href":"https:\/\/sites.uclouvain.be\/narramuse\/wp-json\/wp\/v2\/categories?post=3023"},{"taxonomy":"post_tag","embeddable":true,"href":"https:\/\/sites.uclouvain.be\/narramuse\/wp-json\/wp\/v2\/tags?post=3023"}],"curies":[{"name":"wp","href":"https:\/\/api.w.org\/{rel}","templated":true}]}}