{"id":18023,"date":"2025-09-18T15:27:26","date_gmt":"2025-09-18T13:27:26","guid":{"rendered":"https:\/\/sites.uclouvain.be\/narramuse\/?p=18023"},"modified":"2025-12-04T15:27:59","modified_gmt":"2025-12-04T14:27:59","slug":"rencontre-et-entretien-avec-magyd-cherfi","status":"publish","type":"post","link":"https:\/\/sites.uclouvain.be\/narramuse\/rencontre-et-entretien-avec-magyd-cherfi\/","title":{"rendered":"Rencontre et entretien avec Magyd Cherfi"},"content":{"rendered":"\n<p class=\"wp-block-paragraph\">Le 18 septembre 2025, \u00e0 l\u2019occasion du colloque \u00ab\u00a0Des v\u00e9cus aux r\u00e9cits de la postmigration\u00a0\u00bb et avant sa performance de lecture musicale \u00ab\u00a0Longue haleine\u00a0\u00bb, l\u2019ancien parolier du groupe Zebda et \u00e9crivain Magyd Cherfi a rencontr\u00e9 son public, dans une rencontre-d\u00e9bat anim\u00e9 par Serena Finotello, membre de NarraMuse.\u00a0\u00a0La discussion a port\u00e9 sur son parcours artistique entre musique et \u00e9criture et sur des r\u00e9flexions autour des questions sur les migrations dans les soci\u00e9t\u00e9s contemporaines.<\/p>\n","protected":false},"excerpt":{"rendered":"<p>Le 18 septembre 2025, \u00e0 l\u2019occasion du colloque \u00ab\u00a0Des v\u00e9cus aux r\u00e9cits de la postmigration\u00a0\u00bb et avant sa performance de lecture musicale \u00ab\u00a0Longue haleine\u00a0\u00bb, l\u2019ancien parolier du groupe Zebda et \u00e9crivain Magyd Cherfi a rencontr\u00e9 son public, dans une rencontre-d\u00e9bat anim\u00e9 par Serena Finotello, membre de NarraMuse.\u00a0\u00a0La discussion a port\u00e9 sur son parcours artistique entre [&hellip;]<\/p>\n","protected":false},"author":53,"featured_media":18033,"comment_status":"open","ping_status":"open","sticky":false,"template":"","format":"standard","meta":{"footnotes":""},"categories":[233],"tags":[],"class_list":["post-18023","post","type-post","status-publish","format-standard","has-post-thumbnail","hentry","category-non-classe-fr"],"_links":{"self":[{"href":"https:\/\/sites.uclouvain.be\/narramuse\/wp-json\/wp\/v2\/posts\/18023","targetHints":{"allow":["GET"]}}],"collection":[{"href":"https:\/\/sites.uclouvain.be\/narramuse\/wp-json\/wp\/v2\/posts"}],"about":[{"href":"https:\/\/sites.uclouvain.be\/narramuse\/wp-json\/wp\/v2\/types\/post"}],"author":[{"embeddable":true,"href":"https:\/\/sites.uclouvain.be\/narramuse\/wp-json\/wp\/v2\/users\/53"}],"replies":[{"embeddable":true,"href":"https:\/\/sites.uclouvain.be\/narramuse\/wp-json\/wp\/v2\/comments?post=18023"}],"version-history":[{"count":1,"href":"https:\/\/sites.uclouvain.be\/narramuse\/wp-json\/wp\/v2\/posts\/18023\/revisions"}],"predecessor-version":[{"id":18043,"href":"https:\/\/sites.uclouvain.be\/narramuse\/wp-json\/wp\/v2\/posts\/18023\/revisions\/18043"}],"wp:featuredmedia":[{"embeddable":true,"href":"https:\/\/sites.uclouvain.be\/narramuse\/wp-json\/wp\/v2\/media\/18033"}],"wp:attachment":[{"href":"https:\/\/sites.uclouvain.be\/narramuse\/wp-json\/wp\/v2\/media?parent=18023"}],"wp:term":[{"taxonomy":"category","embeddable":true,"href":"https:\/\/sites.uclouvain.be\/narramuse\/wp-json\/wp\/v2\/categories?post=18023"},{"taxonomy":"post_tag","embeddable":true,"href":"https:\/\/sites.uclouvain.be\/narramuse\/wp-json\/wp\/v2\/tags?post=18023"}],"curies":[{"name":"wp","href":"https:\/\/api.w.org\/{rel}","templated":true}]}}