{"id":17923,"date":"2025-10-15T12:48:07","date_gmt":"2025-10-15T10:48:07","guid":{"rendered":"https:\/\/sites.uclouvain.be\/narramuse\/?p=17923"},"modified":"2025-12-04T15:00:01","modified_gmt":"2025-12-04T14:00:01","slug":"publication-du-numero-postmigration","status":"publish","type":"post","link":"https:\/\/sites.uclouvain.be\/narramuse\/publication-du-numero-postmigration\/","title":{"rendered":"Publication du num\u00e9ro \u00ab\u00a0Postmigration\u00a0\u00bb"},"content":{"rendered":"\n<p class=\"wp-block-paragraph\">Hubert Roland, membre de Narramuse, et Laurence Pieropan ont dirig\u00e9 et publi\u00e9 le num\u00e9ro sp\u00e9cial \u00ab\u00a0Postmigration\u00a0\u00bb dans la revue <em>Textyles<\/em>, n\u00b0 68, 2025.<\/p>\n\n\n\n<p class=\"wp-block-paragraph\">Ce num\u00e9ro dresse un \u00e9tat des lieux partiel et provisoire, repr\u00e9sentatif de textes litt\u00e9raires d\u2019autrices et d\u2019auteurs postmigrants issus de la migration ou de l\u2019exil politique des g\u00e9n\u00e9rations ant\u00e9rieures. Ce faisant, l\u2019entrelacement transversal avec les autres communaut\u00e9s linguistiques du pays constituera un geste de construction d\u2019une m\u00e9moire collective. Aujourd\u2019hui la postmigration s\u2019av\u00e8re \u00e9galement indissociable d\u2019un mouvement intellectuel et artistique d\u2019inspiration postcoloniale ou d\u00e9coloniale, repr\u00e9sent\u00e9 de la mani\u00e8re la plus visible, mais pas uniquement, par la litt\u00e9rature belgo-congolaise et afro-descendante. En plus d\u2019un large panorama sur la litt\u00e9rature de la postmigration des quarante derni\u00e8res ann\u00e9es, ce num\u00e9ro contient des analyses d\u2019\u0153uvres de Carmelina Carracillo et Caroline De Mulder, Souad Fila, Kenan G\u00f6rg\u00fcn, Za\u00efneb \u1e24amdi, Le\u00efla Houari et Cl\u00e9mentine Fa\u00efk-Nzouji, Lisette Lomb\u00e9 et Kalvin Soiresse Njall, Nicole Malinconi.<\/p>\n\n\n\n<p class=\"wp-block-paragraph\">Il est disponible en ligne sur <a href=\"https:\/\/journals.openedition.org\/textyles\/7055\" data-type=\"link\" data-id=\"https:\/\/journals.openedition.org\/textyles\/7055\">le site de <em>Textyles<\/em><\/a>.<\/p>\n\n\n\n<p class=\"wp-block-paragraph\">Dans le cadre ce num\u00e9ro sp\u00e9cial, Serena Finotello a rencontr\u00e9 Kenan G\u00f6rg\u00fcn, un auteur incontournable de la litt\u00e9rature postmigrante belge francophone d\u2019ascendance turque. La rencontre a donn\u00e9 lieu \u00e0 l\u2019article\u00a0de Serena Finotello\u2014avec la collaboration d\u2019Amaury Dehoux\u2014, \u00ab\u00a0Entretien avec Kenan G\u00f6rg\u00fcn. &lsquo;La litt\u00e9rature ne peut exister que l\u00e0 o\u00f9 les contours ne sont pas nets'\u00a0\u00bb, <em>Textyles<\/em>, n\u00b0 68, pp. 147-158. Disponible sur le <a href=\"https:\/\/journals.openedition.org\/textyles\/7627\" data-type=\"link\" data-id=\"https:\/\/journals.openedition.org\/textyles\/7627\">site de <em>Textyles<\/em><\/a><em>. <\/em><\/p>\n\n\n\n<p class=\"wp-block-paragraph\">\u00a9 Couverture: Samira Mhanzez Serghini<\/p>\n","protected":false},"excerpt":{"rendered":"<p>Hubert Roland, membre de Narramuse, et Laurence Pieropan ont dirig\u00e9 et publi\u00e9 le num\u00e9ro sp\u00e9cial \u00ab\u00a0Postmigration\u00a0\u00bb dans la revue Textyles, n\u00b0 68, 2025. Ce num\u00e9ro dresse un \u00e9tat des lieux partiel et provisoire, repr\u00e9sentatif de textes litt\u00e9raires d\u2019autrices et d\u2019auteurs postmigrants issus de la migration ou de l\u2019exil politique des g\u00e9n\u00e9rations ant\u00e9rieures. Ce faisant, l\u2019entrelacement [&hellip;]<\/p>\n","protected":false},"author":53,"featured_media":17933,"comment_status":"open","ping_status":"open","sticky":false,"template":"","format":"standard","meta":{"footnotes":""},"categories":[233],"tags":[],"class_list":["post-17923","post","type-post","status-publish","format-standard","has-post-thumbnail","hentry","category-non-classe-fr"],"_links":{"self":[{"href":"https:\/\/sites.uclouvain.be\/narramuse\/wp-json\/wp\/v2\/posts\/17923","targetHints":{"allow":["GET"]}}],"collection":[{"href":"https:\/\/sites.uclouvain.be\/narramuse\/wp-json\/wp\/v2\/posts"}],"about":[{"href":"https:\/\/sites.uclouvain.be\/narramuse\/wp-json\/wp\/v2\/types\/post"}],"author":[{"embeddable":true,"href":"https:\/\/sites.uclouvain.be\/narramuse\/wp-json\/wp\/v2\/users\/53"}],"replies":[{"embeddable":true,"href":"https:\/\/sites.uclouvain.be\/narramuse\/wp-json\/wp\/v2\/comments?post=17923"}],"version-history":[{"count":1,"href":"https:\/\/sites.uclouvain.be\/narramuse\/wp-json\/wp\/v2\/posts\/17923\/revisions"}],"predecessor-version":[{"id":17943,"href":"https:\/\/sites.uclouvain.be\/narramuse\/wp-json\/wp\/v2\/posts\/17923\/revisions\/17943"}],"wp:featuredmedia":[{"embeddable":true,"href":"https:\/\/sites.uclouvain.be\/narramuse\/wp-json\/wp\/v2\/media\/17933"}],"wp:attachment":[{"href":"https:\/\/sites.uclouvain.be\/narramuse\/wp-json\/wp\/v2\/media?parent=17923"}],"wp:term":[{"taxonomy":"category","embeddable":true,"href":"https:\/\/sites.uclouvain.be\/narramuse\/wp-json\/wp\/v2\/categories?post=17923"},{"taxonomy":"post_tag","embeddable":true,"href":"https:\/\/sites.uclouvain.be\/narramuse\/wp-json\/wp\/v2\/tags?post=17923"}],"curies":[{"name":"wp","href":"https:\/\/api.w.org\/{rel}","templated":true}]}}