{"id":10303,"date":"2025-05-17T10:04:16","date_gmt":"2025-05-17T08:04:16","guid":{"rendered":"https:\/\/sites.uclouvain.be\/narramuse\/?p=10303"},"modified":"2025-05-22T11:17:21","modified_gmt":"2025-05-22T09:17:21","slug":"participation-au-symposium-polyphony-and-silence","status":"publish","type":"post","link":"https:\/\/sites.uclouvain.be\/narramuse\/participation-au-symposium-polyphony-and-silence\/","title":{"rendered":"Participation au symposium \u00ab\u00a0Polyphony and Silence. Counter-hegemonic writing practices, migration, and multilingualism \u00bb"},"content":{"rendered":"\n<p class=\"wp-block-paragraph\">Letizia Sassi, doctorante au sein du groupe NarraMuse, a pris part au Symposium \u00ab Polyphony and Silence. Counter-hegemonic writing practices, migration, and multilingualism&nbsp;\u00bb&nbsp;organis\u00e9 par le groupe de recherche COLLAB, \u00e0 KU Leuven le 15-16 mai 2025. \u00c0 cette occasion, elle a pr\u00e9sent\u00e9 une intervention intitul\u00e9e \u00ab Aphasia as Metatextual Reflection: Exploring Identity and Trauma in Postmigrant Italian Rap \u00bb, dans le cadre de la session \u00ab Tactics of Silence \u00bb du 15 mai.<\/p>\n\n\n\n<p class=\"wp-block-paragraph\">Le programme complet de l\u2019\u00e9v\u00e9nement est disponible <a href=\"https:\/\/www.arts.kuleuven.be\/conferences\/polyphony-and-silence\/programme\">ici<\/a>.<\/p>\n","protected":false},"excerpt":{"rendered":"<p>Letizia Sassi, doctorante au sein du groupe NarraMuse, a pris part au Symposium \u00ab Polyphony and Silence. Counter-hegemonic writing practices, migration, and multilingualism&nbsp;\u00bb&nbsp;organis\u00e9 par le groupe de recherche COLLAB, \u00e0 KU Leuven le 15-16 mai 2025. \u00c0 cette occasion, elle a pr\u00e9sent\u00e9 une intervention intitul\u00e9e \u00ab Aphasia as Metatextual Reflection: Exploring Identity and Trauma in [&hellip;]<\/p>\n","protected":false},"author":113,"featured_media":10313,"comment_status":"open","ping_status":"open","sticky":false,"template":"","format":"standard","meta":{"footnotes":""},"categories":[1],"tags":[],"class_list":["post-10303","post","type-post","status-publish","format-standard","has-post-thumbnail","hentry","category-actualites"],"_links":{"self":[{"href":"https:\/\/sites.uclouvain.be\/narramuse\/wp-json\/wp\/v2\/posts\/10303","targetHints":{"allow":["GET"]}}],"collection":[{"href":"https:\/\/sites.uclouvain.be\/narramuse\/wp-json\/wp\/v2\/posts"}],"about":[{"href":"https:\/\/sites.uclouvain.be\/narramuse\/wp-json\/wp\/v2\/types\/post"}],"author":[{"embeddable":true,"href":"https:\/\/sites.uclouvain.be\/narramuse\/wp-json\/wp\/v2\/users\/113"}],"replies":[{"embeddable":true,"href":"https:\/\/sites.uclouvain.be\/narramuse\/wp-json\/wp\/v2\/comments?post=10303"}],"version-history":[{"count":1,"href":"https:\/\/sites.uclouvain.be\/narramuse\/wp-json\/wp\/v2\/posts\/10303\/revisions"}],"predecessor-version":[{"id":10323,"href":"https:\/\/sites.uclouvain.be\/narramuse\/wp-json\/wp\/v2\/posts\/10303\/revisions\/10323"}],"wp:featuredmedia":[{"embeddable":true,"href":"https:\/\/sites.uclouvain.be\/narramuse\/wp-json\/wp\/v2\/media\/10313"}],"wp:attachment":[{"href":"https:\/\/sites.uclouvain.be\/narramuse\/wp-json\/wp\/v2\/media?parent=10303"}],"wp:term":[{"taxonomy":"category","embeddable":true,"href":"https:\/\/sites.uclouvain.be\/narramuse\/wp-json\/wp\/v2\/categories?post=10303"},{"taxonomy":"post_tag","embeddable":true,"href":"https:\/\/sites.uclouvain.be\/narramuse\/wp-json\/wp\/v2\/tags?post=10303"}],"curies":[{"name":"wp","href":"https:\/\/api.w.org\/{rel}","templated":true}]}}