{"id":8623,"date":"2022-06-23T15:10:21","date_gmt":"2022-06-23T13:10:21","guid":{"rendered":"https:\/\/sites.uclouvain.be\/laap-anthropologie-prospective\/?p=8623"},"modified":"2022-06-23T15:21:27","modified_gmt":"2022-06-23T13:21:27","slug":"le-bien-etre-au-nord-et-au-sud-explorations","status":"publish","type":"post","link":"https:\/\/sites.uclouvain.be\/laap-anthropologie-prospective\/le-bien-etre-au-nord-et-au-sud-explorations\/","title":{"rendered":"Le bien-\u00eatre au Nord et au Sud: Explorations"},"content":{"rendered":"\n<p class=\"wp-block-paragraph\">Le vingt-et-uni\u00e8me ouvrage de la collection \u00ab\u00a0Investigations d&rsquo;Anthropologie Prospective\u00a0\u00bb (IAP) est sorti il y a peu.  Intitul\u00e9 \u00ab\u00a0Le bien-\u00eatre au Nord et au Sud: Explorations\u00a0\u00bb et  dirig\u00e9 par Marc-Eric Gru\u00e9nais, Fr\u00e9d\u00e9ric Louveau  et Josiane Tantchou, l&rsquo;ouvrage traite de la notion de bien-\u00eatre \u00e0 partir de terrains vari\u00e9s et l&rsquo;\u00e9clairage de diff\u00e9rentes disciplines. <\/p>\n\n\n\n<p class=\"wp-block-paragraph\"><\/p>\n\n\n\n<p class=\"wp-block-paragraph\">\u00ab\u00a0<em>Le bien-\u00eatre est apparu comme une cat\u00e9gorie cl\u00e9 de la pens\u00e9e sociale et politique, dans les domaines de la philosophie morale et politique, le d\u00e9veloppement, l\u2019urbanisme, l&rsquo;\u00e9conomie et la sant\u00e9. Les groupes religieux et les th\u00e9rapies alternatives placent le bien-\u00eatre au centre de leurs approches et de leurs pratiques. Souvent per\u00e7ue comme crit\u00e8re de coh\u00e9sion sociale, il est utilis\u00e9 comme substitut de la justice sociale. En d\u00e9pit du large \u00e9ventail d&rsquo;\u00e9tudes sur ce sujet, le concept reste ambigu. Cet ouvrage veut contribuer \u00e0 circonscrire le d\u00e9bat. Il r\u00e9unit des contributions de plusieurs disciplines (sociologie, anthropologie, architecture, \u00e9conomie, anthropologie biologique) qui abordent la question \u00e0 partir de plusieurs th\u00e8mes (sant\u00e9, migration, conditions de travail, ville et architecture, politiques publiques) et propose des explorations th\u00e9oriques sur l\u2019objectivation et la mesure du bien-\u00eatre rapport\u00e9es \u00e0 des contextes du Nord et du Sud (Afrique).<\/em>\u00a0\u00bb&nbsp;<\/p>\n","protected":false},"excerpt":{"rendered":"<p>Le vingt-et-uni\u00e8me ouvrage de la collection \u00ab\u00a0Investigations d&rsquo;Anthropologie Prospective\u00a0\u00bb (IAP) est sorti il y a peu. Intitul\u00e9 \u00ab\u00a0Le bien-\u00eatre au Nord et au Sud: Explorations\u00a0\u00bb et dirig\u00e9 par Marc-Eric Gru\u00e9nais, Fr\u00e9d\u00e9ric Louveau et Josiane Tantchou, l&rsquo;ouvrage traite de la notion de bien-\u00eatre \u00e0 partir de terrains vari\u00e9s et l&rsquo;\u00e9clairage de diff\u00e9rentes disciplines. \u00ab\u00a0Le bien-\u00eatre est apparu comme une cat\u00e9gorie cl\u00e9 de la pens\u00e9e sociale et politique, dans les domaines de la philosophie morale et politique, le d\u00e9veloppement, l\u2019urbanisme, l&rsquo;\u00e9conomie et la sant\u00e9. Les groupes religieux et les th\u00e9rapies alternatives placent le bien-\u00eatre au centre de leurs approches et de leurs pratiques. Souvent per\u00e7ue comme crit\u00e8re de coh\u00e9sion sociale, il est utilis\u00e9 comme substitut de la justice sociale. En d\u00e9pit du large \u00e9ventail d&rsquo;\u00e9tudes sur ce sujet, le concept reste ambigu. Cet ouvrage veut contribuer \u00e0 circonscrire le d\u00e9bat. Il r\u00e9unit des contributions de plusieurs disciplines (sociologie, anthropologie, architecture, \u00e9conomie, anthropologie biologique) qui abordent la question \u00e0 partir de plusieurs th\u00e8mes (sant\u00e9, migration, conditions de travail, ville et architecture, politiques publiques) et propose des explorations th\u00e9oriques sur l\u2019objectivation et la mesure du bien-\u00eatre rapport\u00e9es \u00e0 des contextes du Nord et du Sud (Afrique).\u00a0\u00bb&nbsp;<\/p>\n","protected":false},"author":43,"featured_media":8633,"comment_status":"closed","ping_status":"open","sticky":false,"template":"","format":"standard","meta":{"_jetpack_newsletter_access":"","_jetpack_dont_email_post_to_subs":false,"_jetpack_newsletter_tier_id":0,"_jetpack_memberships_contains_paywalled_content":false,"_jetpack_memberships_contains_paid_content":false,"footnotes":""},"categories":[153,1003,2003],"tags":[],"class_list":["post-8623","post","type-post","status-publish","format-standard","has-post-thumbnail","hentry","category-a-la-une","category-investigation-danthropologie-prospective","category-sante"],"yoast_head":"<!-- This site is optimized with the Yoast SEO plugin v28.3 - https:\/\/yoast.com\/product\/yoast-seo-wordpress\/ -->\n<title>Le bien-\u00eatre au Nord et au Sud: Explorations - Laap<\/title>\n<meta name=\"robots\" content=\"index, follow, max-snippet:-1, max-image-preview:large, max-video-preview:-1\" \/>\n<link rel=\"canonical\" href=\"https:\/\/sites.uclouvain.be\/laap-anthropologie-prospective\/le-bien-etre-au-nord-et-au-sud-explorations\/\" \/>\n<meta property=\"og:locale\" content=\"fr_FR\" \/>\n<meta property=\"og:type\" content=\"article\" \/>\n<meta property=\"og:title\" content=\"Le bien-\u00eatre au Nord et au Sud: Explorations - Laap\" \/>\n<meta property=\"og:description\" content=\"Le vingt-et-uni\u00e8me ouvrage de la collection \u00ab\u00a0Investigations d&rsquo;Anthropologie Prospective\u00a0\u00bb (IAP) est sorti il y a peu. Intitul\u00e9 \u00ab\u00a0Le bien-\u00eatre au Nord et au Sud: Explorations\u00a0\u00bb et dirig\u00e9 par Marc-Eric Gru\u00e9nais, Fr\u00e9d\u00e9ric Louveau et Josiane Tantchou, l&rsquo;ouvrage traite de la notion de bien-\u00eatre \u00e0 partir de terrains vari\u00e9s et l&rsquo;\u00e9clairage de diff\u00e9rentes disciplines. \u00ab\u00a0Le bien-\u00eatre est apparu comme une cat\u00e9gorie cl\u00e9 de la pens\u00e9e sociale et politique, dans les domaines de la philosophie morale et politique, le d\u00e9veloppement, l\u2019urbanisme, l&rsquo;\u00e9conomie et la sant\u00e9. Les groupes religieux et les th\u00e9rapies alternatives placent le bien-\u00eatre au centre de leurs approches et de leurs pratiques. Souvent per\u00e7ue comme crit\u00e8re de coh\u00e9sion sociale, il est utilis\u00e9 comme substitut de la justice sociale. En d\u00e9pit du large \u00e9ventail d&rsquo;\u00e9tudes sur ce sujet, le concept reste ambigu. Cet ouvrage veut contribuer \u00e0 circonscrire le d\u00e9bat. Il r\u00e9unit des contributions de plusieurs disciplines (sociologie, anthropologie, architecture, \u00e9conomie, anthropologie biologique) qui abordent la question \u00e0 partir de plusieurs th\u00e8mes (sant\u00e9, migration, conditions de travail, ville et architecture, politiques publiques) et propose des explorations th\u00e9oriques sur l\u2019objectivation et la mesure du bien-\u00eatre rapport\u00e9es \u00e0 des contextes du Nord et du Sud (Afrique).\u00a0\u00bb&nbsp;\" \/>\n<meta property=\"og:url\" content=\"https:\/\/sites.uclouvain.be\/laap-anthropologie-prospective\/le-bien-etre-au-nord-et-au-sud-explorations\/\" \/>\n<meta property=\"og:site_name\" content=\"Laap\" \/>\n<meta property=\"article:published_time\" content=\"2022-06-23T13:10:21+00:00\" \/>\n<meta property=\"article:modified_time\" content=\"2022-06-23T13:21:27+00:00\" \/>\n<meta property=\"og:image\" content=\"https:\/\/sites.uclouvain.be\/laap-anthropologie-prospective\/wp-content\/uploads\/2022\/06\/couverture.webp\" \/>\n\t<meta property=\"og:image:width\" content=\"400\" \/>\n\t<meta property=\"og:image:height\" content=\"582\" \/>\n\t<meta property=\"og:image:type\" content=\"image\/webp\" \/>\n<meta name=\"author\" content=\"Nicolas Loodts\" \/>\n<meta name=\"twitter:card\" content=\"summary_large_image\" \/>\n<meta name=\"twitter:label1\" content=\"\u00c9crit par\" \/>\n\t<meta name=\"twitter:data1\" content=\"Nicolas Loodts\" \/>\n\t<meta name=\"twitter:label2\" content=\"Dur\u00e9e de lecture estim\u00e9e\" \/>\n\t<meta name=\"twitter:data2\" content=\"1 minute\" \/>\n<script type=\"application\/ld+json\" class=\"yoast-schema-graph\">{\"@context\":\"https:\\\/\\\/schema.org\",\"@graph\":[{\"@type\":\"Article\",\"@id\":\"https:\\\/\\\/sites.uclouvain.be\\\/laap-anthropologie-prospective\\\/le-bien-etre-au-nord-et-au-sud-explorations\\\/#article\",\"isPartOf\":{\"@id\":\"https:\\\/\\\/sites.uclouvain.be\\\/laap-anthropologie-prospective\\\/le-bien-etre-au-nord-et-au-sud-explorations\\\/\"},\"author\":{\"name\":\"Nicolas Loodts\",\"@id\":\"https:\\\/\\\/sites.uclouvain.be\\\/laap-anthropologie-prospective\\\/#\\\/schema\\\/person\\\/c30bd2b8649e700f26958121ed3b4934\"},\"headline\":\"Le bien-\u00eatre au Nord et au Sud: Explorations\",\"datePublished\":\"2022-06-23T13:10:21+00:00\",\"dateModified\":\"2022-06-23T13:21:27+00:00\",\"mainEntityOfPage\":{\"@id\":\"https:\\\/\\\/sites.uclouvain.be\\\/laap-anthropologie-prospective\\\/le-bien-etre-au-nord-et-au-sud-explorations\\\/\"},\"wordCount\":229,\"publisher\":{\"@id\":\"https:\\\/\\\/sites.uclouvain.be\\\/laap-anthropologie-prospective\\\/#organization\"},\"image\":{\"@id\":\"https:\\\/\\\/sites.uclouvain.be\\\/laap-anthropologie-prospective\\\/le-bien-etre-au-nord-et-au-sud-explorations\\\/#primaryimage\"},\"thumbnailUrl\":\"https:\\\/\\\/sites.uclouvain.be\\\/laap-anthropologie-prospective\\\/wp-content\\\/uploads\\\/2022\\\/06\\\/couverture.webp\",\"articleSection\":[\"A la une\",\"Investigation d'anthropologie prospective\",\"Sant\u00e9\"],\"inLanguage\":\"fr-FR\"},{\"@type\":\"WebPage\",\"@id\":\"https:\\\/\\\/sites.uclouvain.be\\\/laap-anthropologie-prospective\\\/le-bien-etre-au-nord-et-au-sud-explorations\\\/\",\"url\":\"https:\\\/\\\/sites.uclouvain.be\\\/laap-anthropologie-prospective\\\/le-bien-etre-au-nord-et-au-sud-explorations\\\/\",\"name\":\"Le bien-\u00eatre au Nord et au Sud: Explorations - Laap\",\"isPartOf\":{\"@id\":\"https:\\\/\\\/sites.uclouvain.be\\\/laap-anthropologie-prospective\\\/#website\"},\"primaryImageOfPage\":{\"@id\":\"https:\\\/\\\/sites.uclouvain.be\\\/laap-anthropologie-prospective\\\/le-bien-etre-au-nord-et-au-sud-explorations\\\/#primaryimage\"},\"image\":{\"@id\":\"https:\\\/\\\/sites.uclouvain.be\\\/laap-anthropologie-prospective\\\/le-bien-etre-au-nord-et-au-sud-explorations\\\/#primaryimage\"},\"thumbnailUrl\":\"https:\\\/\\\/sites.uclouvain.be\\\/laap-anthropologie-prospective\\\/wp-content\\\/uploads\\\/2022\\\/06\\\/couverture.webp\",\"datePublished\":\"2022-06-23T13:10:21+00:00\",\"dateModified\":\"2022-06-23T13:21:27+00:00\",\"breadcrumb\":{\"@id\":\"https:\\\/\\\/sites.uclouvain.be\\\/laap-anthropologie-prospective\\\/le-bien-etre-au-nord-et-au-sud-explorations\\\/#breadcrumb\"},\"inLanguage\":\"fr-FR\",\"potentialAction\":[{\"@type\":\"ReadAction\",\"target\":[\"https:\\\/\\\/sites.uclouvain.be\\\/laap-anthropologie-prospective\\\/le-bien-etre-au-nord-et-au-sud-explorations\\\/\"]}]},{\"@type\":\"ImageObject\",\"inLanguage\":\"fr-FR\",\"@id\":\"https:\\\/\\\/sites.uclouvain.be\\\/laap-anthropologie-prospective\\\/le-bien-etre-au-nord-et-au-sud-explorations\\\/#primaryimage\",\"url\":\"https:\\\/\\\/sites.uclouvain.be\\\/laap-anthropologie-prospective\\\/wp-content\\\/uploads\\\/2022\\\/06\\\/couverture.webp\",\"contentUrl\":\"https:\\\/\\\/sites.uclouvain.be\\\/laap-anthropologie-prospective\\\/wp-content\\\/uploads\\\/2022\\\/06\\\/couverture.webp\",\"width\":400,\"height\":582},{\"@type\":\"BreadcrumbList\",\"@id\":\"https:\\\/\\\/sites.uclouvain.be\\\/laap-anthropologie-prospective\\\/le-bien-etre-au-nord-et-au-sud-explorations\\\/#breadcrumb\",\"itemListElement\":[{\"@type\":\"ListItem\",\"position\":1,\"name\":\"Accueil\",\"item\":\"https:\\\/\\\/sites.uclouvain.be\\\/laap-anthropologie-prospective\\\/\"},{\"@type\":\"ListItem\",\"position\":2,\"name\":\"Le bien-\u00eatre au Nord et au Sud: Explorations\"}]},{\"@type\":\"WebSite\",\"@id\":\"https:\\\/\\\/sites.uclouvain.be\\\/laap-anthropologie-prospective\\\/#website\",\"url\":\"https:\\\/\\\/sites.uclouvain.be\\\/laap-anthropologie-prospective\\\/\",\"name\":\"Laap\",\"description\":\"Blog du Laboratoire d\u2019Anthropologie Prospective - UCLouvain, Belgique\",\"publisher\":{\"@id\":\"https:\\\/\\\/sites.uclouvain.be\\\/laap-anthropologie-prospective\\\/#organization\"},\"potentialAction\":[{\"@type\":\"SearchAction\",\"target\":{\"@type\":\"EntryPoint\",\"urlTemplate\":\"https:\\\/\\\/sites.uclouvain.be\\\/laap-anthropologie-prospective\\\/?s={search_term_string}\"},\"query-input\":{\"@type\":\"PropertyValueSpecification\",\"valueRequired\":true,\"valueName\":\"search_term_string\"}}],\"inLanguage\":\"fr-FR\"},{\"@type\":\"Organization\",\"@id\":\"https:\\\/\\\/sites.uclouvain.be\\\/laap-anthropologie-prospective\\\/#organization\",\"name\":\"Laap\",\"url\":\"https:\\\/\\\/sites.uclouvain.be\\\/laap-anthropologie-prospective\\\/\",\"logo\":{\"@type\":\"ImageObject\",\"inLanguage\":\"fr-FR\",\"@id\":\"https:\\\/\\\/sites.uclouvain.be\\\/laap-anthropologie-prospective\\\/#\\\/schema\\\/logo\\\/image\\\/\",\"url\":\"https:\\\/\\\/sites.uclouvain.be\\\/laap-anthropologie-prospective\\\/wp-content\\\/uploads\\\/2019\\\/05\\\/cropped-Logo-LAAP-fond-transparent-7.png\",\"contentUrl\":\"https:\\\/\\\/sites.uclouvain.be\\\/laap-anthropologie-prospective\\\/wp-content\\\/uploads\\\/2019\\\/05\\\/cropped-Logo-LAAP-fond-transparent-7.png\",\"width\":3199,\"height\":1136,\"caption\":\"Laap\"},\"image\":{\"@id\":\"https:\\\/\\\/sites.uclouvain.be\\\/laap-anthropologie-prospective\\\/#\\\/schema\\\/logo\\\/image\\\/\"}},{\"@type\":\"Person\",\"@id\":\"https:\\\/\\\/sites.uclouvain.be\\\/laap-anthropologie-prospective\\\/#\\\/schema\\\/person\\\/c30bd2b8649e700f26958121ed3b4934\",\"name\":\"Nicolas Loodts\",\"image\":{\"@type\":\"ImageObject\",\"inLanguage\":\"fr-FR\",\"@id\":\"https:\\\/\\\/secure.gravatar.com\\\/avatar\\\/4312bea2fbfdaaffe96081937e1c55fbfe11f82c07eeeed034f82f97da8a0dfd?s=96&d=blank&r=g\",\"url\":\"https:\\\/\\\/secure.gravatar.com\\\/avatar\\\/4312bea2fbfdaaffe96081937e1c55fbfe11f82c07eeeed034f82f97da8a0dfd?s=96&d=blank&r=g\",\"contentUrl\":\"https:\\\/\\\/secure.gravatar.com\\\/avatar\\\/4312bea2fbfdaaffe96081937e1c55fbfe11f82c07eeeed034f82f97da8a0dfd?s=96&d=blank&r=g\",\"caption\":\"Nicolas Loodts\"},\"url\":\"https:\\\/\\\/sites.uclouvain.be\\\/laap-anthropologie-prospective\\\/author\\\/nil\\\/\"}]}<\/script>\n<!-- \/ Yoast SEO plugin. -->","yoast_head_json":{"title":"Le bien-\u00eatre au Nord et au Sud: Explorations - Laap","robots":{"index":"index","follow":"follow","max-snippet":"max-snippet:-1","max-image-preview":"max-image-preview:large","max-video-preview":"max-video-preview:-1"},"canonical":"https:\/\/sites.uclouvain.be\/laap-anthropologie-prospective\/le-bien-etre-au-nord-et-au-sud-explorations\/","og_locale":"fr_FR","og_type":"article","og_title":"Le bien-\u00eatre au Nord et au Sud: Explorations - Laap","og_description":"Le vingt-et-uni\u00e8me ouvrage de la collection \u00ab\u00a0Investigations d&rsquo;Anthropologie Prospective\u00a0\u00bb (IAP) est sorti il y a peu. Intitul\u00e9 \u00ab\u00a0Le bien-\u00eatre au Nord et au Sud: Explorations\u00a0\u00bb et dirig\u00e9 par Marc-Eric Gru\u00e9nais, Fr\u00e9d\u00e9ric Louveau et Josiane Tantchou, l&rsquo;ouvrage traite de la notion de bien-\u00eatre \u00e0 partir de terrains vari\u00e9s et l&rsquo;\u00e9clairage de diff\u00e9rentes disciplines. \u00ab\u00a0Le bien-\u00eatre est apparu comme une cat\u00e9gorie cl\u00e9 de la pens\u00e9e sociale et politique, dans les domaines de la philosophie morale et politique, le d\u00e9veloppement, l\u2019urbanisme, l&rsquo;\u00e9conomie et la sant\u00e9. Les groupes religieux et les th\u00e9rapies alternatives placent le bien-\u00eatre au centre de leurs approches et de leurs pratiques. Souvent per\u00e7ue comme crit\u00e8re de coh\u00e9sion sociale, il est utilis\u00e9 comme substitut de la justice sociale. En d\u00e9pit du large \u00e9ventail d&rsquo;\u00e9tudes sur ce sujet, le concept reste ambigu. Cet ouvrage veut contribuer \u00e0 circonscrire le d\u00e9bat. Il r\u00e9unit des contributions de plusieurs disciplines (sociologie, anthropologie, architecture, \u00e9conomie, anthropologie biologique) qui abordent la question \u00e0 partir de plusieurs th\u00e8mes (sant\u00e9, migration, conditions de travail, ville et architecture, politiques publiques) et propose des explorations th\u00e9oriques sur l\u2019objectivation et la mesure du bien-\u00eatre rapport\u00e9es \u00e0 des contextes du Nord et du Sud (Afrique).\u00a0\u00bb&nbsp;","og_url":"https:\/\/sites.uclouvain.be\/laap-anthropologie-prospective\/le-bien-etre-au-nord-et-au-sud-explorations\/","og_site_name":"Laap","article_published_time":"2022-06-23T13:10:21+00:00","article_modified_time":"2022-06-23T13:21:27+00:00","og_image":[{"width":400,"height":582,"url":"https:\/\/sites.uclouvain.be\/laap-anthropologie-prospective\/wp-content\/uploads\/2022\/06\/couverture.webp","type":"image\/webp"}],"author":"Nicolas Loodts","twitter_card":"summary_large_image","twitter_misc":{"\u00c9crit par":"Nicolas Loodts","Dur\u00e9e de lecture estim\u00e9e":"1 minute"},"schema":{"@context":"https:\/\/schema.org","@graph":[{"@type":"Article","@id":"https:\/\/sites.uclouvain.be\/laap-anthropologie-prospective\/le-bien-etre-au-nord-et-au-sud-explorations\/#article","isPartOf":{"@id":"https:\/\/sites.uclouvain.be\/laap-anthropologie-prospective\/le-bien-etre-au-nord-et-au-sud-explorations\/"},"author":{"name":"Nicolas Loodts","@id":"https:\/\/sites.uclouvain.be\/laap-anthropologie-prospective\/#\/schema\/person\/c30bd2b8649e700f26958121ed3b4934"},"headline":"Le bien-\u00eatre au Nord et au Sud: Explorations","datePublished":"2022-06-23T13:10:21+00:00","dateModified":"2022-06-23T13:21:27+00:00","mainEntityOfPage":{"@id":"https:\/\/sites.uclouvain.be\/laap-anthropologie-prospective\/le-bien-etre-au-nord-et-au-sud-explorations\/"},"wordCount":229,"publisher":{"@id":"https:\/\/sites.uclouvain.be\/laap-anthropologie-prospective\/#organization"},"image":{"@id":"https:\/\/sites.uclouvain.be\/laap-anthropologie-prospective\/le-bien-etre-au-nord-et-au-sud-explorations\/#primaryimage"},"thumbnailUrl":"https:\/\/sites.uclouvain.be\/laap-anthropologie-prospective\/wp-content\/uploads\/2022\/06\/couverture.webp","articleSection":["A la une","Investigation d'anthropologie prospective","Sant\u00e9"],"inLanguage":"fr-FR"},{"@type":"WebPage","@id":"https:\/\/sites.uclouvain.be\/laap-anthropologie-prospective\/le-bien-etre-au-nord-et-au-sud-explorations\/","url":"https:\/\/sites.uclouvain.be\/laap-anthropologie-prospective\/le-bien-etre-au-nord-et-au-sud-explorations\/","name":"Le bien-\u00eatre au Nord et au Sud: Explorations - Laap","isPartOf":{"@id":"https:\/\/sites.uclouvain.be\/laap-anthropologie-prospective\/#website"},"primaryImageOfPage":{"@id":"https:\/\/sites.uclouvain.be\/laap-anthropologie-prospective\/le-bien-etre-au-nord-et-au-sud-explorations\/#primaryimage"},"image":{"@id":"https:\/\/sites.uclouvain.be\/laap-anthropologie-prospective\/le-bien-etre-au-nord-et-au-sud-explorations\/#primaryimage"},"thumbnailUrl":"https:\/\/sites.uclouvain.be\/laap-anthropologie-prospective\/wp-content\/uploads\/2022\/06\/couverture.webp","datePublished":"2022-06-23T13:10:21+00:00","dateModified":"2022-06-23T13:21:27+00:00","breadcrumb":{"@id":"https:\/\/sites.uclouvain.be\/laap-anthropologie-prospective\/le-bien-etre-au-nord-et-au-sud-explorations\/#breadcrumb"},"inLanguage":"fr-FR","potentialAction":[{"@type":"ReadAction","target":["https:\/\/sites.uclouvain.be\/laap-anthropologie-prospective\/le-bien-etre-au-nord-et-au-sud-explorations\/"]}]},{"@type":"ImageObject","inLanguage":"fr-FR","@id":"https:\/\/sites.uclouvain.be\/laap-anthropologie-prospective\/le-bien-etre-au-nord-et-au-sud-explorations\/#primaryimage","url":"https:\/\/sites.uclouvain.be\/laap-anthropologie-prospective\/wp-content\/uploads\/2022\/06\/couverture.webp","contentUrl":"https:\/\/sites.uclouvain.be\/laap-anthropologie-prospective\/wp-content\/uploads\/2022\/06\/couverture.webp","width":400,"height":582},{"@type":"BreadcrumbList","@id":"https:\/\/sites.uclouvain.be\/laap-anthropologie-prospective\/le-bien-etre-au-nord-et-au-sud-explorations\/#breadcrumb","itemListElement":[{"@type":"ListItem","position":1,"name":"Accueil","item":"https:\/\/sites.uclouvain.be\/laap-anthropologie-prospective\/"},{"@type":"ListItem","position":2,"name":"Le bien-\u00eatre au Nord et au Sud: Explorations"}]},{"@type":"WebSite","@id":"https:\/\/sites.uclouvain.be\/laap-anthropologie-prospective\/#website","url":"https:\/\/sites.uclouvain.be\/laap-anthropologie-prospective\/","name":"Laap","description":"Blog du Laboratoire d\u2019Anthropologie Prospective - UCLouvain, Belgique","publisher":{"@id":"https:\/\/sites.uclouvain.be\/laap-anthropologie-prospective\/#organization"},"potentialAction":[{"@type":"SearchAction","target":{"@type":"EntryPoint","urlTemplate":"https:\/\/sites.uclouvain.be\/laap-anthropologie-prospective\/?s={search_term_string}"},"query-input":{"@type":"PropertyValueSpecification","valueRequired":true,"valueName":"search_term_string"}}],"inLanguage":"fr-FR"},{"@type":"Organization","@id":"https:\/\/sites.uclouvain.be\/laap-anthropologie-prospective\/#organization","name":"Laap","url":"https:\/\/sites.uclouvain.be\/laap-anthropologie-prospective\/","logo":{"@type":"ImageObject","inLanguage":"fr-FR","@id":"https:\/\/sites.uclouvain.be\/laap-anthropologie-prospective\/#\/schema\/logo\/image\/","url":"https:\/\/sites.uclouvain.be\/laap-anthropologie-prospective\/wp-content\/uploads\/2019\/05\/cropped-Logo-LAAP-fond-transparent-7.png","contentUrl":"https:\/\/sites.uclouvain.be\/laap-anthropologie-prospective\/wp-content\/uploads\/2019\/05\/cropped-Logo-LAAP-fond-transparent-7.png","width":3199,"height":1136,"caption":"Laap"},"image":{"@id":"https:\/\/sites.uclouvain.be\/laap-anthropologie-prospective\/#\/schema\/logo\/image\/"}},{"@type":"Person","@id":"https:\/\/sites.uclouvain.be\/laap-anthropologie-prospective\/#\/schema\/person\/c30bd2b8649e700f26958121ed3b4934","name":"Nicolas Loodts","image":{"@type":"ImageObject","inLanguage":"fr-FR","@id":"https:\/\/secure.gravatar.com\/avatar\/4312bea2fbfdaaffe96081937e1c55fbfe11f82c07eeeed034f82f97da8a0dfd?s=96&d=blank&r=g","url":"https:\/\/secure.gravatar.com\/avatar\/4312bea2fbfdaaffe96081937e1c55fbfe11f82c07eeeed034f82f97da8a0dfd?s=96&d=blank&r=g","contentUrl":"https:\/\/secure.gravatar.com\/avatar\/4312bea2fbfdaaffe96081937e1c55fbfe11f82c07eeeed034f82f97da8a0dfd?s=96&d=blank&r=g","caption":"Nicolas Loodts"},"url":"https:\/\/sites.uclouvain.be\/laap-anthropologie-prospective\/author\/nil\/"}]}},"acf":[],"jetpack_sharing_enabled":true,"jetpack_featured_media_url":"https:\/\/sites.uclouvain.be\/laap-anthropologie-prospective\/wp-content\/uploads\/2022\/06\/couverture.webp","_links":{"self":[{"href":"https:\/\/sites.uclouvain.be\/laap-anthropologie-prospective\/wp-json\/wp\/v2\/posts\/8623","targetHints":{"allow":["GET"]}}],"collection":[{"href":"https:\/\/sites.uclouvain.be\/laap-anthropologie-prospective\/wp-json\/wp\/v2\/posts"}],"about":[{"href":"https:\/\/sites.uclouvain.be\/laap-anthropologie-prospective\/wp-json\/wp\/v2\/types\/post"}],"author":[{"embeddable":true,"href":"https:\/\/sites.uclouvain.be\/laap-anthropologie-prospective\/wp-json\/wp\/v2\/users\/43"}],"replies":[{"embeddable":true,"href":"https:\/\/sites.uclouvain.be\/laap-anthropologie-prospective\/wp-json\/wp\/v2\/comments?post=8623"}],"version-history":[{"count":5,"href":"https:\/\/sites.uclouvain.be\/laap-anthropologie-prospective\/wp-json\/wp\/v2\/posts\/8623\/revisions"}],"predecessor-version":[{"id":8693,"href":"https:\/\/sites.uclouvain.be\/laap-anthropologie-prospective\/wp-json\/wp\/v2\/posts\/8623\/revisions\/8693"}],"wp:featuredmedia":[{"embeddable":true,"href":"https:\/\/sites.uclouvain.be\/laap-anthropologie-prospective\/wp-json\/wp\/v2\/media\/8633"}],"wp:attachment":[{"href":"https:\/\/sites.uclouvain.be\/laap-anthropologie-prospective\/wp-json\/wp\/v2\/media?parent=8623"}],"wp:term":[{"taxonomy":"category","embeddable":true,"href":"https:\/\/sites.uclouvain.be\/laap-anthropologie-prospective\/wp-json\/wp\/v2\/categories?post=8623"},{"taxonomy":"post_tag","embeddable":true,"href":"https:\/\/sites.uclouvain.be\/laap-anthropologie-prospective\/wp-json\/wp\/v2\/tags?post=8623"}],"curies":[{"name":"wp","href":"https:\/\/api.w.org\/{rel}","templated":true}]}}