{"id":36663,"date":"2021-05-20T20:03:58","date_gmt":"2021-05-20T18:03:58","guid":{"rendered":"https:\/\/sites.uclouvain.be\/bkl-cbl\/?p=36663"},"modified":"2021-05-20T20:10:04","modified_gmt":"2021-05-20T18:10:04","slug":"journee-linguistique-2021","status":"publish","type":"post","link":"https:\/\/sites.uclouvain.be\/bkl-cbl\/fr\/journee-linguistique-2021\/","title":{"rendered":"Journ\u00e9e linguistique 2021"},"content":{"rendered":"\n<p>Vendredi 22 octobre 2021, Vrije Universiteit Brussel<\/p>\n\n\n\n<h4 class=\"wp-block-heading\">Appel \u00e0 communication<\/h4>\n\n\n\n<p>Comme chaque ann\u00e9e, le CBL (Cercle Belge de Linguistique) organise une journ\u00e9e linguistique. Cette ann\u00e9e la conf\u00e9rence aura lieu le vendredi 22 octobre 2021 \u00e0 la Facult\u00e9 Letteren en Wijsbegeerte de la Vrije Universiteit Brussel.<\/p>\n\n\n\n<h4 class=\"wp-block-heading\">Propositions<\/h4>\n\n\n\n<p>Les communications (20\u2019 de pr\u00e9sentation + 10\u2019 de discussion) peuvent traiter d\u2019un sujet linguistique quelconque et peuvent se faire dans une des trois langues nationales (n\u00e9erlandais, fran\u00e7ais, allemande) ou en anglais. Les propositions (max. 500 mots, sans r\u00e9f\u00e9rences) doivent indiquer clairement le sujet, les objectifs, les donn\u00e9es et la m\u00e9thode utilis\u00e9es ainsi que les r\u00e9sultats (provisoires). Toutes les propositions (avec le nom et l\u2019affiliation des auteurs) peuvent \u00eatre soumises jusqu\u2019au mercredi 30 juin 2021\u00e0 travers <a rel=\"noreferrer noopener\" href=\"https:\/\/easychair.org\/conferences\/?conf=tdjl2021\" target=\"_blank\">EasyChair<\/a>. D\u00e9but septembre 2021 vous serez mis au courant de l\u2019acceptation de votre proposition.<\/p>\n\n\n\n<h4 class=\"wp-block-heading\">Lieu<\/h4>\n\n\n\n<p>Toutes les activit\u00e9s (conf\u00e9rences et d\u00e9jeuner) auront lieu sur le campus Etterbeek de la Vrije Universiteit Brussel. L&#8217;adresse est Boulevard de la Plaine 2, 1050 Ixelles. Le campus se trouve \u00e0 distance de marche de la gare d\u2019Etterbeek et de la station de m\u00e9tro P\u00e9tillon.<br>Nota bene : Si l\u2019organisation en pr\u00e9sentiel s\u2019av\u00e8re impossible en raison de la situation sanitaire, la conf\u00e9rence se tiendra \u00e0 distance.<\/p>\n\n\n\n<h4 class=\"wp-block-heading\">Participation<\/h4>\n\n\n\n<p>La participation \u00e0 la journ\u00e9e linguistique est gratuite pour les membres ainsi que pour les non-membres. Ceux qui veulent faire une communication doivent \u00eatre membres. Les nouveaux membres ont <a href=\"https:\/\/sites.uclouvain.be\/bkl-cbl\/fr\/adhesion\">rempli la fiche d\u2019adh\u00e9sion et pay\u00e9 la cotisation<\/a> : \u20ac 40 pour ceux qui veulent obtenir le dernier volume du Belgian Journal of Linguistics, autrement \u20ac 20.<\/p>\n\n\n\n<h4 class=\"wp-block-heading\">Prix<\/h4>\n\n\n\n<p>Il y aura un prix pour la meilleure pr\u00e9sentation par un doctorant. Si vous d\u00e9sirez participer, veuillez le mentionner explicitement dans votre proposition.<\/p>\n\n\n\n<h4 class=\"wp-block-heading\">Dates importantes<\/h4>\n\n\n\n<ul class=\"wp-block-list\"><li>30 juin 2021 : date limite pour la soumission des propositions<\/li><li>d\u00e9but septembre 2021 : confirmation d\u2019acceptation<\/li><li>22 octobre 2021 : Journ\u00e9e Linguistique<\/li><\/ul>\n\n\n\n<p>Au nom de l\u2019organisation,<br>Thomas Hoelbeek<br>Laura Rosseel<\/p>\n","protected":false},"excerpt":{"rendered":"<p>Vendredi 22 octobre 2021, Vrije Universiteit Brussel Appel \u00e0 communication Comme chaque ann\u00e9e, le CBL (Cercle Belge de Linguistique) organise une journ\u00e9e linguistique. Cette ann\u00e9e &hellip; <a title=\"Journ\u00e9e linguistique 2021\" class=\"bnm-read-more\" href=\"https:\/\/sites.uclouvain.be\/bkl-cbl\/fr\/journee-linguistique-2021\/\"><span class=\"screen-reader-text\">Journ\u00e9e linguistique 2021<\/span>Read more<\/a><\/p>\n","protected":false},"author":53,"featured_media":0,"comment_status":"closed","ping_status":"closed","sticky":false,"template":"","format":"standard","meta":{"footnotes":""},"categories":[493],"tags":[],"class_list":["post-36663","post","type-post","status-publish","format-standard","hentry","category-call-for-papers","bnm-entry"],"_links":{"self":[{"href":"https:\/\/sites.uclouvain.be\/bkl-cbl\/wp-json\/wp\/v2\/posts\/36663","targetHints":{"allow":["GET"]}}],"collection":[{"href":"https:\/\/sites.uclouvain.be\/bkl-cbl\/wp-json\/wp\/v2\/posts"}],"about":[{"href":"https:\/\/sites.uclouvain.be\/bkl-cbl\/wp-json\/wp\/v2\/types\/post"}],"author":[{"embeddable":true,"href":"https:\/\/sites.uclouvain.be\/bkl-cbl\/wp-json\/wp\/v2\/users\/53"}],"replies":[{"embeddable":true,"href":"https:\/\/sites.uclouvain.be\/bkl-cbl\/wp-json\/wp\/v2\/comments?post=36663"}],"version-history":[{"count":2,"href":"https:\/\/sites.uclouvain.be\/bkl-cbl\/wp-json\/wp\/v2\/posts\/36663\/revisions"}],"predecessor-version":[{"id":36713,"href":"https:\/\/sites.uclouvain.be\/bkl-cbl\/wp-json\/wp\/v2\/posts\/36663\/revisions\/36713"}],"wp:attachment":[{"href":"https:\/\/sites.uclouvain.be\/bkl-cbl\/wp-json\/wp\/v2\/media?parent=36663"}],"wp:term":[{"taxonomy":"category","embeddable":true,"href":"https:\/\/sites.uclouvain.be\/bkl-cbl\/wp-json\/wp\/v2\/categories?post=36663"},{"taxonomy":"post_tag","embeddable":true,"href":"https:\/\/sites.uclouvain.be\/bkl-cbl\/wp-json\/wp\/v2\/tags?post=36663"}],"curies":[{"name":"wp","href":"https:\/\/api.w.org\/{rel}","templated":true}]}}